{"id":99259,"date":"2025-12-14T11:29:08","date_gmt":"2025-12-14T16:29:08","guid":{"rendered":"https:\/\/nbliberal.ca\/expansion-de-lequipe-de-soins-collaboratifs-a-edmundston\/"},"modified":"2025-12-14T11:59:22","modified_gmt":"2025-12-14T16:59:22","slug":"expansion-de-lequipe-de-soins-collaboratifs-a-edmundston","status":"publish","type":"post","link":"https:\/\/nbliberal.ca\/fr\/expansion-de-lequipe-de-soins-collaboratifs-a-edmundston\/","title":{"rendered":"Expansion de l&rsquo;\u00e9quipe de soins collaboratifs \u00e0 Edmundston"},"content":{"rendered":"\n<p>L&rsquo;expansion de l&rsquo;\u00e9quipe de soins collaboratifs \u00e0 Edmundston am\u00e9liorera l&rsquo;acc\u00e8s aux soins primaires pour les r\u00e9sidents de la r\u00e9gion.<\/p>\n\n<p>L&rsquo;\u00e9quipe est renforc\u00e9e par l&rsquo;ajout de quatre infirmi\u00e8res praticiennes et d&rsquo;un m\u00e9decin, ainsi que de trois infirmi\u00e8res auxiliaires autoris\u00e9es et de deux membres du personnel de soutien administratif. Ces professionnels de la sant\u00e9 commenceront \u00e0 recevoir des patients imm\u00e9diatement. L&rsquo;\u00e9quipe \u00e9largie prendra en charge 760 patients laiss\u00e9s vacants par un m\u00e9decin partant, continuera \u00e0 soigner 300 patients actuellement suivis par l&rsquo;une des infirmi\u00e8res praticiennes et devrait assurer des soins primaires \u00e0 3 500 personnes suppl\u00e9mentaires au cours de la prochaine ann\u00e9e.  <\/p>\n\n<p>\u00ab Des milliers de N\u00e9o-Brunswickois de la r\u00e9gion d&rsquo;Edmundston auront d\u00e9sormais acc\u00e8s aux soins dont ils ont besoin, pr\u00e8s de chez eux \u00bb, a d\u00e9clar\u00e9 la premi\u00e8re ministre Susan Holt. \u00ab Nous allons continuer d&rsquo;investir dans des soins primaires collaboratifs, flexibles et communautaires afin d&rsquo;offrir aux N\u00e9o-Brunswickois un acc\u00e8s plus rapide et plus efficace aux soins dont ils ont besoin, au moment et \u00e0 l&rsquo;endroit o\u00f9 ils en ont besoin. \u00bb <\/p>\n\n<p>Les nouvelles recrues rejoignent une \u00e9quipe collaborative \u00e9tablie qui comprend d\u00e9j\u00e0 14 m\u00e9decins, une infirmi\u00e8re praticienne, sept infirmi\u00e8res auxiliaires autoris\u00e9es, deux infirmi\u00e8res dipl\u00f4m\u00e9es et une assistante sociale.<\/p>\n\n<p>Le gouvernement provincial investit environ 788 000 $ pour soutenir l&rsquo;\u00e9quipe, couvrant les ressources humaines, les co\u00fbts de location des installations et l&rsquo;\u00e9quipement.<\/p>\n\n<p>Le renforcement des soins primaires est l\u2019un des six domaines prioritaires du plan provincial de sant\u00e9, \u00ab Prendre soin du Nouveau-Brunswick : Mettre les gens au c\u0153ur des soins de sant\u00e9 \u00bb.<\/p>\n\n<p>\u00ab Ce vaste groupe de professionnels de la sant\u00e9 travaillant en collaboration \u00e0 Edmundston fera une grande diff\u00e9rence pour les patients, en aidant un plus grand nombre de personnes \u00e0 obtenir les soins dont elles ont besoin, au moment o\u00f9 elles en ont besoin \u00bb, a d\u00e9clar\u00e9 le ministre de la Sant\u00e9, John Dornan. \u00ab C\u2019est un excellent exemple de la fa\u00e7on dont les soins en \u00e9quipe am\u00e9liorent l\u2019acc\u00e8s aux soins primaires dans toute la province, tout en am\u00e9liorant l\u2019exp\u00e9rience des fournisseurs de soins et en r\u00e9duisant la pression sur les services d\u2019urgence. \u00bb <\/p>\n\n<p>Le gouvernement lib\u00e9ral s\u2019est engag\u00e9 \u00e0 cr\u00e9er et \u00e0 soutenir au moins 30 cliniques de soins collaboratifs locales dans toute la province d\u2019ici 2028. Les r\u00e9gies r\u00e9gionales de la sant\u00e9 continuent de travailler avec les professionnels de la sant\u00e9 afin d\u2019\u00e9largir l\u2019offre de soins en \u00e9quipe et d\u2019adapter chaque clinique aux besoins de la communaut\u00e9 locale. Des cliniques de soins collaboratifs ont d\u00e9j\u00e0 \u00e9t\u00e9 annonc\u00e9es \u00e0 Campbellton, Moncton, Miramichi, Carleton-Nord, Tantramar, l\u2019\u00cele-de-Lam\u00e8que, Fredericton et Edmundston, et deux autres cliniques devraient ouvrir leurs portes d\u2019ici la fin de l\u2019ann\u00e9e.  <\/p>\n\n<p>\u00ab Notre vision des soins de sant\u00e9 primaires a toujours \u00e9t\u00e9 celle d\u2019une communaut\u00e9 de professionnels prenant soin de la communaut\u00e9 \u00bb, a d\u00e9clar\u00e9 la Dre France Desrosiers, pr\u00e9sidente-directrice g\u00e9n\u00e9rale du R\u00e9seau de sant\u00e9 Vitalit\u00e9. \u00ab Les membres de l\u2019\u00e9quipe de la r\u00e9gion d\u2019Edmundston illustrent parfaitement cette vision, car ils travaillent ensemble pour am\u00e9liorer l\u2019acc\u00e8s aux soins dans leur r\u00e9gion. \u00bb <\/p>\n","protected":false},"excerpt":{"rendered":"<p>L&rsquo;expansion de l&rsquo;\u00e9quipe de soins collaboratifs \u00e0 Edmundston am\u00e9liorera l&rsquo;acc\u00e8s aux soins primaires pour les r\u00e9sidents de la r\u00e9gion. L&rsquo;\u00e9quipe est renforc\u00e9e par l&rsquo;ajout de quatre infirmi\u00e8res praticiennes et d&rsquo;un [&hellip;]<\/p>\n","protected":false},"author":14,"featured_media":99258,"comment_status":"closed","ping_status":"closed","sticky":false,"template":"","format":"standard","meta":{"_seopress_robots_primary_cat":"none","_seopress_titles_title":"","_seopress_titles_desc":"","_seopress_robots_index":"","_price":"","_stock":"","_tribe_ticket_header":"","_tribe_default_ticket_provider":"","_tribe_ticket_capacity":"","_ticket_start_date":"","_ticket_end_date":"","_tribe_ticket_show_description":"","_tribe_ticket_show_not_going":false,"_tribe_ticket_use_global_stock":"","_tribe_ticket_global_stock_level":"","_global_stock_mode":"","_global_stock_cap":"","_tribe_rsvp_for_event":"","_tribe_ticket_going_count":"","_tribe_ticket_not_going_count":"","_tribe_tickets_list":"[]","_tribe_ticket_has_attendee_info_fields":false,"footnotes":""},"categories":[15],"tags":[],"class_list":["post-99259","post","type-post","status-publish","format-standard","has-post-thumbnail","hentry","category-non-classifiee"],"meta_box":[],"_links":{"self":[{"href":"https:\/\/nbliberal.ca\/fr\/wp-json\/wp\/v2\/posts\/99259","targetHints":{"allow":["GET"]}}],"collection":[{"href":"https:\/\/nbliberal.ca\/fr\/wp-json\/wp\/v2\/posts"}],"about":[{"href":"https:\/\/nbliberal.ca\/fr\/wp-json\/wp\/v2\/types\/post"}],"author":[{"embeddable":true,"href":"https:\/\/nbliberal.ca\/fr\/wp-json\/wp\/v2\/users\/14"}],"replies":[{"embeddable":true,"href":"https:\/\/nbliberal.ca\/fr\/wp-json\/wp\/v2\/comments?post=99259"}],"version-history":[{"count":1,"href":"https:\/\/nbliberal.ca\/fr\/wp-json\/wp\/v2\/posts\/99259\/revisions"}],"predecessor-version":[{"id":99260,"href":"https:\/\/nbliberal.ca\/fr\/wp-json\/wp\/v2\/posts\/99259\/revisions\/99260"}],"wp:featuredmedia":[{"embeddable":true,"href":"https:\/\/nbliberal.ca\/fr\/wp-json\/wp\/v2\/media\/99258"}],"wp:attachment":[{"href":"https:\/\/nbliberal.ca\/fr\/wp-json\/wp\/v2\/media?parent=99259"}],"wp:term":[{"taxonomy":"category","embeddable":true,"href":"https:\/\/nbliberal.ca\/fr\/wp-json\/wp\/v2\/categories?post=99259"},{"taxonomy":"post_tag","embeddable":true,"href":"https:\/\/nbliberal.ca\/fr\/wp-json\/wp\/v2\/tags?post=99259"}],"curies":[{"name":"wp","href":"https:\/\/api.w.org\/{rel}","templated":true}]}}