{"id":99167,"date":"2025-12-07T20:05:57","date_gmt":"2025-12-08T01:05:57","guid":{"rendered":"https:\/\/nbliberal.ca\/?p=99167"},"modified":"2025-12-07T20:06:00","modified_gmt":"2025-12-08T01:06:00","slug":"nouvelle-clinique-de-soins-collaboratifs-a-st-stephen","status":"publish","type":"post","link":"https:\/\/nbliberal.ca\/fr\/nouvelle-clinique-de-soins-collaboratifs-a-st-stephen\/","title":{"rendered":"Nouvelle clinique de soins collaboratifs \u00e0 St. Stephen"},"content":{"rendered":"\n<p>L\u2019acc\u00e8s aux soins de sant\u00e9 primaires dans le comt\u00e9 de Charlotte sera am\u00e9lior\u00e9 gr\u00e2ce \u00e0 l\u2019ouverture d\u2019une nouvelle clinique de soins collaboratifs \u00e0 St. Stephen.<\/p>\n\n\n\n<p>Le gouvernement provincial s\u2019est engag\u00e9 \u00e0 cr\u00e9er et \u00e0 soutenir au moins 10 \u00e9quipes de soins collaboratifs d\u2019ici 2025. L\u2019\u00e9quipe de St. Stephen est la neuvi\u00e8me annonc\u00e9e cette ann\u00e9e.<\/p>\n\n\n\n<p>Environ 3,6 millions de dollars sont allou\u00e9s au R\u00e9seau de sant\u00e9 Horizon pour la cr\u00e9ation d\u2019une clinique d\u00e9di\u00e9e qui permettra d\u2019\u00e9largir l\u2019offre de soins primaires aux r\u00e9sidents du comt\u00e9 de Charlotte.<\/p>\n\n\n\n<p>\u00ab Notre priorit\u00e9 absolue est de garantir aux N\u00e9o-Brunswickois l\u2019acc\u00e8s aux soins dont ils ont besoin, au moment o\u00f9 ils en ont besoin \u00bb, a d\u00e9clar\u00e9 la premi\u00e8re ministre Susan Holt. \u00ab Nous sommes ravis d\u2019appuyer l\u2019expansion de l\u2019\u00e9quipe du Centre de mieux-\u00eatre collaboratif du comt\u00e9 de Charlotte et le d\u00e9vouement des professionnels de la sant\u00e9 qui contribuent \u00e0 connecter davantage de personnes \u00e0 St. Stephen \u00e0 des soins primaires pr\u00e8s de chez elles. \u00bb<\/p>\n\n\n\n<p>L\u2019investissement provincial permettra \u00e0 l\u2019\u00e9quipe d\u2019emm\u00e9nager dans une clinique plus spacieuse, de recruter du personnel de la sant\u00e9 suppl\u00e9mentaire afin d\u2019accro\u00eetre sa capacit\u00e9 en soins primaires et d\u2019accueillir plus de patients.<\/p>\n\n\n\n<p>L\u2019\u00e9quipe de soins collaboratifs du centre a \u00e9t\u00e9 cr\u00e9\u00e9e en f\u00e9vrier et compte d\u00e9sormais 10 professionnels de la sant\u00e9. Elle a pris en charge 310 patients qui n\u2019avaient pas de m\u00e9decin de famille auparavant. Le centre a \u00e9galement ouvert une clinique d\u2019acc\u00e8s, en partenariat avec des m\u00e9decins locaux, pour r\u00e9pondre aux besoins non urgents des patients. Plus de 2\u00a0000 personnes ont b\u00e9n\u00e9fici\u00e9 de ce service depuis son lancement.<\/p>\n\n\n\n<p>L\u2019\u00e9quipe de St. Stephen comprend maintenant un m\u00e9decin, trois infirmi\u00e8res praticiennes sp\u00e9cialis\u00e9es, deux infirmi\u00e8res autoris\u00e9es, deux infirmi\u00e8res auxiliaires autoris\u00e9es, un inhaloth\u00e9rapeute et un travailleur social.<\/p>\n\n\n\n<p>\u00ab\u00a0Les soins collaboratifs offrent de meilleurs soins de sant\u00e9 aux patients et un soutien accru aux professionnels de la sant\u00e9\u00a0\u00bb, a d\u00e9clar\u00e9 le ministre de la Sant\u00e9, John Dornan. \u00ab\u00a0Cette \u00e9quipe \u00e9largie de professionnels de la sant\u00e9 primaire et param\u00e9dicale \u00e0 St. Stephen illustre parfaitement comment nous renfor\u00e7ons notre syst\u00e8me de sant\u00e9 gr\u00e2ce aux soins en \u00e9quipe.\u00bb<\/p>\n\n\n\n<p>Les soins primaires constituent l\u2019un des six domaines prioritaires du plan provincial de sant\u00e9,\u00a0<em>Prendre soin du Nouveau-Brunswick\u00a0: Mettre les gens au c\u0153ur des soins de sant\u00e9<\/em>.<\/p>\n\n\n\n<p>Sur une p\u00e9riode de quatre ans, le gouvernement s&rsquo;est engag\u00e9 \u00e0 mettre en place et \u00e0 soutenir au moins 30 \u00e9quipes locales de soins collaboratifs dans toute la province.<\/p>\n\n\n\n<p>Les r\u00e9gies r\u00e9gionales de la sant\u00e9 continuent de travailler avec les professionnels de la sant\u00e9 afin d\u2019\u00e9tendre les soins en \u00e9quipe, en adaptant chaque \u00e9quipe aux besoins de sa communaut\u00e9. Des \u00e9quipes de soins collaboratifs ont \u00e9t\u00e9 annonc\u00e9es pour Campbellton, Moncton, Miramichi, Carleton Nord, Tantramar, l\u2019\u00cele-de-Lam\u00e8que, Fredericton, Edmundston et St. Stephen, et au moins une autre \u00e9quipe devrait se former d\u2019ici la fin de l\u2019ann\u00e9e.<\/p>\n\n\n\n<p>\u00ab La croissance que nous avons observ\u00e9e au Centre de mieux-\u00eatre collaboratif du comt\u00e9 de Charlotte d\u00e9montre comment les soins collaboratifs en \u00e9quipe transforment la prestation des soins de sant\u00e9 primaires au Nouveau-Brunswick \u00bb, a d\u00e9clar\u00e9 Ashley Calvert, vice-pr\u00e9sidente int\u00e9rimaire aux services communautaires du R\u00e9seau de sant\u00e9 Horizon. \u00ab Nous sommes impatients de tirer parti de cette dynamique, d&rsquo;int\u00e9grer davantage de professionnels \u00e0 l&rsquo;\u00e9quipe et de garantir aux r\u00e9sidents du comt\u00e9 de Charlotte un meilleur acc\u00e8s aux soins primaires dont ils ont besoin. \u00bb<\/p>\n","protected":false},"excerpt":{"rendered":"<p>L\u2019acc\u00e8s aux soins de sant\u00e9 primaires dans le comt\u00e9 de Charlotte sera am\u00e9lior\u00e9 gr\u00e2ce \u00e0 l\u2019ouverture d\u2019une nouvelle clinique de soins collaboratifs \u00e0 St. Stephen. Le gouvernement provincial s\u2019est engag\u00e9 [&hellip;]<\/p>\n","protected":false},"author":14,"featured_media":99166,"comment_status":"closed","ping_status":"closed","sticky":false,"template":"","format":"standard","meta":{"_seopress_robots_primary_cat":"none","_seopress_titles_title":"","_seopress_titles_desc":"","_seopress_robots_index":"","_price":"","_stock":"","_tribe_ticket_header":"","_tribe_default_ticket_provider":"","_tribe_ticket_capacity":"0","_ticket_start_date":"","_ticket_end_date":"","_tribe_ticket_show_description":"","_tribe_ticket_show_not_going":false,"_tribe_ticket_use_global_stock":"","_tribe_ticket_global_stock_level":"","_global_stock_mode":"","_global_stock_cap":"","_tribe_rsvp_for_event":"","_tribe_ticket_going_count":"","_tribe_ticket_not_going_count":"","_tribe_tickets_list":"[]","_tribe_ticket_has_attendee_info_fields":false,"footnotes":""},"categories":[15],"tags":[],"class_list":["post-99167","post","type-post","status-publish","format-standard","has-post-thumbnail","hentry","category-non-classifiee"],"meta_box":[],"_links":{"self":[{"href":"https:\/\/nbliberal.ca\/fr\/wp-json\/wp\/v2\/posts\/99167","targetHints":{"allow":["GET"]}}],"collection":[{"href":"https:\/\/nbliberal.ca\/fr\/wp-json\/wp\/v2\/posts"}],"about":[{"href":"https:\/\/nbliberal.ca\/fr\/wp-json\/wp\/v2\/types\/post"}],"author":[{"embeddable":true,"href":"https:\/\/nbliberal.ca\/fr\/wp-json\/wp\/v2\/users\/14"}],"replies":[{"embeddable":true,"href":"https:\/\/nbliberal.ca\/fr\/wp-json\/wp\/v2\/comments?post=99167"}],"version-history":[{"count":1,"href":"https:\/\/nbliberal.ca\/fr\/wp-json\/wp\/v2\/posts\/99167\/revisions"}],"predecessor-version":[{"id":99170,"href":"https:\/\/nbliberal.ca\/fr\/wp-json\/wp\/v2\/posts\/99167\/revisions\/99170"}],"wp:featuredmedia":[{"embeddable":true,"href":"https:\/\/nbliberal.ca\/fr\/wp-json\/wp\/v2\/media\/99166"}],"wp:attachment":[{"href":"https:\/\/nbliberal.ca\/fr\/wp-json\/wp\/v2\/media?parent=99167"}],"wp:term":[{"taxonomy":"category","embeddable":true,"href":"https:\/\/nbliberal.ca\/fr\/wp-json\/wp\/v2\/categories?post=99167"},{"taxonomy":"post_tag","embeddable":true,"href":"https:\/\/nbliberal.ca\/fr\/wp-json\/wp\/v2\/tags?post=99167"}],"curies":[{"name":"wp","href":"https:\/\/api.w.org\/{rel}","templated":true}]}}