{"id":90252,"date":"2024-11-22T13:34:24","date_gmt":"2024-11-22T18:34:24","guid":{"rendered":"https:\/\/nbliberal.ca\/rent-cap-to-be-introduced\/"},"modified":"2024-11-22T13:36:02","modified_gmt":"2024-11-22T18:36:02","slug":"mise-en-place-dun-plafonnement-de-laugmentation-des-loyers","status":"publish","type":"post","link":"https:\/\/nbliberal.ca\/fr\/mise-en-place-dun-plafonnement-de-laugmentation-des-loyers\/","title":{"rendered":"Mise en place d\u2019un plafonnement de l\u2019augmentation des loyers"},"content":{"rendered":"\n<h2 class=\"wp-block-heading\">Mise en place d\u2019un plafonnement de l\u2019augmentation des loyers<\/h2>\n\n\n\n<p>20 novembre 2024<\/p>\n\n\n\n<p>FREDERICTON (GNB) \u2013 Le gouvernement honore son engagement d\u2019instaurer un plafonnement provincial de l\u2019augmentation des loyers en vue d\u2019att\u00e9nuer la hausse du co\u00fbt du logement.<\/p>\n\n\n\n<p>\u00c0 compter du 1<sup>er&nbsp;<\/sup>f\u00e9vrier 2025, les augmentations de loyer seront plafonn\u00e9es \u00e0 trois pour cent par ann\u00e9e.<\/p>\n\n\n\n<p>\u00ab&nbsp;Il est urgent que les locataires du Nouveau-Brunswick aient acc\u00e8s \u00e0 des logements abordables&nbsp;\u00bb, a d\u00e9clar\u00e9 le ministre responsable de la Soci\u00e9t\u00e9 d\u2019habitation du Nouveau-Brunswick, David Hickey. \u00ab&nbsp;Cette mesure contribuera \u00e0 prot\u00e9ger les locataires contre l\u2019augmentation rapide des co\u00fbts du logement, \u00e0 \u00e9liminer les hausses de loyer surprises et, surtout, \u00e0 aider les gens du Nouveau-Brunswick \u00e0 conserver leur logement.&nbsp;\u00bb<\/p>\n\n\n\n<p>Lorsque le plafonnement des augmentations de loyer sera en place, les propri\u00e9taires ne seront pas autoris\u00e9s \u00e0 augmenter les loyers de plus de trois pour cent par ann\u00e9e. En vertu de la&nbsp;<em>Loi sur la location de locaux d\u2019habitation<\/em>,les propri\u00e9taires doivent donner aux locataires un avis \u00e9crit de six mois en cas d\u2019augmentation de loyer. De plus, les propri\u00e9taires peuvent seulement donner un avis d\u2019augmentation de loyer une fois tous les 12&nbsp;mois.<\/p>\n\n\n\n<p>Tout locataire qui re\u00e7oit un avis d\u2019augmentation de loyer sup\u00e9rieure \u00e0 trois pour cent devrait communiquer avec le Bureau des relations entre les locataires et les propri\u00e9taires pour demander un examen officiel.<\/p>\n\n\n\n<p>\u00ab&nbsp;Nous savons que le co\u00fbt de la vie demeure une priorit\u00e9 pour les gens du Nouveau-Brunswick&nbsp;\u00bb, a affirm\u00e9 le chef de la direction de la Soci\u00e9t\u00e9 d\u2019habitation du Nouveau-Brunswick Fran\u00e7ois Boutot. \u00ab&nbsp;En collaboration avec nos partenaires, nous continuerons de nous attaquer \u00e0 tout ce qui exerce une pression sur le secteur du logement dans notre province afin que chacun ait acc\u00e8s \u00e0 un endroit s\u00e9curitaire et abordable o\u00f9 vivre.&nbsp;\u00bb<\/p>\n\n\n\n<p>Le programme de plafonnement des augmentations de loyer sera \u00e9valu\u00e9 annuellement. Les personnes qui ont des questions concernant leur bail devraient communiquer avec le Bureau des relations entre les locataires et les propri\u00e9taires.<\/p>\n\n\n\n<p>De plus amples renseignements sur la location au Nouveau-Brunswick&nbsp;<a href=\"https:\/\/www2.gnb.ca\/content\/gnb\/fr\/corporate\/promo\/louer-au-nouveau-brunswick.html\">sont disponibles en ligne<\/a>.<\/p>\n","protected":false},"excerpt":{"rendered":"<p>Mise en place d\u2019un plafonnement de l\u2019augmentation des loyers 20 novembre 2024 FREDERICTON (GNB) \u2013 Le gouvernement honore son engagement d\u2019instaurer un plafonnement provincial de l\u2019augmentation des loyers en vue [&hellip;]<\/p>\n","protected":false},"author":17,"featured_media":90230,"comment_status":"closed","ping_status":"closed","sticky":false,"template":"","format":"standard","meta":{"_seopress_robots_primary_cat":"none","_seopress_titles_title":"","_seopress_titles_desc":"","_seopress_robots_index":"","_price":"","_stock":"","_tribe_ticket_header":"","_tribe_default_ticket_provider":"","_tribe_ticket_capacity":"0","_ticket_start_date":"","_ticket_end_date":"","_tribe_ticket_show_description":"","_tribe_ticket_show_not_going":false,"_tribe_ticket_use_global_stock":"","_tribe_ticket_global_stock_level":"","_global_stock_mode":"","_global_stock_cap":"","_tribe_rsvp_for_event":"","_tribe_ticket_going_count":"","_tribe_ticket_not_going_count":"","_tribe_tickets_list":"[]","_tribe_ticket_has_attendee_info_fields":false,"footnotes":""},"categories":[72,77],"tags":[],"class_list":["post-90252","post","type-post","status-publish","format-standard","has-post-thumbnail","hentry","category-announcement-fr","category-housing-fr"],"meta_box":[],"_links":{"self":[{"href":"https:\/\/nbliberal.ca\/fr\/wp-json\/wp\/v2\/posts\/90252","targetHints":{"allow":["GET"]}}],"collection":[{"href":"https:\/\/nbliberal.ca\/fr\/wp-json\/wp\/v2\/posts"}],"about":[{"href":"https:\/\/nbliberal.ca\/fr\/wp-json\/wp\/v2\/types\/post"}],"author":[{"embeddable":true,"href":"https:\/\/nbliberal.ca\/fr\/wp-json\/wp\/v2\/users\/17"}],"replies":[{"embeddable":true,"href":"https:\/\/nbliberal.ca\/fr\/wp-json\/wp\/v2\/comments?post=90252"}],"version-history":[{"count":1,"href":"https:\/\/nbliberal.ca\/fr\/wp-json\/wp\/v2\/posts\/90252\/revisions"}],"predecessor-version":[{"id":90253,"href":"https:\/\/nbliberal.ca\/fr\/wp-json\/wp\/v2\/posts\/90252\/revisions\/90253"}],"wp:featuredmedia":[{"embeddable":true,"href":"https:\/\/nbliberal.ca\/fr\/wp-json\/wp\/v2\/media\/90230"}],"wp:attachment":[{"href":"https:\/\/nbliberal.ca\/fr\/wp-json\/wp\/v2\/media?parent=90252"}],"wp:term":[{"taxonomy":"category","embeddable":true,"href":"https:\/\/nbliberal.ca\/fr\/wp-json\/wp\/v2\/categories?post=90252"},{"taxonomy":"post_tag","embeddable":true,"href":"https:\/\/nbliberal.ca\/fr\/wp-json\/wp\/v2\/tags?post=90252"}],"curies":[{"name":"wp","href":"https:\/\/api.w.org\/{rel}","templated":true}]}}