{"id":89590,"date":"2024-10-30T12:23:52","date_gmt":"2024-10-30T16:23:52","guid":{"rendered":"https:\/\/nbliberal.ca\/liberal-caucus-to-be-sworn-in-as-members-of-the-legislative-assembly\/"},"modified":"2024-10-30T12:26:13","modified_gmt":"2024-10-30T16:26:13","slug":"liberal-caucus-to-be-sworn-in-as-members-of-the-legislative-assembly","status":"publish","type":"post","link":"https:\/\/nbliberal.ca\/fr\/liberal-caucus-to-be-sworn-in-as-members-of-the-legislative-assembly\/","title":{"rendered":"Le caucus lib\u00e9ral sera asserment\u00e9 en tant que membresde l\u2019Assembl\u00e9e l\u00e9gislative"},"content":{"rendered":"\n<p><strong>Pour diffusion imm\u00e9diate&nbsp;<\/strong><\/p>\n\n\n\n<p><strong>Le caucus lib\u00e9ral sera asserment\u00e9 en tant que membres<\/strong><strong>\u00a0<\/strong><strong>de l\u2019Assembl\u00e9e l\u00e9gislative<\/strong><strong>\u00a0<\/strong><\/p>\n\n\n\n<p><strong>FREDERICTON (29 octobre 2024) <\/strong>\u2013 Le 2 novembre 2024 \u00e0 11h, \u00e0 l\u2019Assembl\u00e9e l\u00e9gislative,&nbsp; joignez-vous \u00e0 nous pour la c\u00e9r\u00e9monie d\u2019assermentation de la premi\u00e8re ministre d\u00e9sign\u00e9e, Susan&nbsp; Holt, de notre caucus lib\u00e9ral nouvellement \u00e9lu et de leurs coll\u00e8gues des autres partis.&nbsp;<\/p>\n\n\n\n<p>\u00ab Nous voulons que les N\u00e9o-Brunswickois sentent qu\u2019ils font partie int\u00e9grante de cette \u00e9tape&nbsp; importante, l\u2019assermentation qui marquera plusieurs premi\u00e8res pour notre province : la premi\u00e8re&nbsp; femme premi\u00e8re ministre, la premi\u00e8re femme de couleur et indo-canadienne et le plus grand&nbsp; nombre de femmes jamais \u00e9lues au sein de l\u2019Assembl\u00e9e l\u00e9gislative du Nouveau-Brunswick \u00e0 un&nbsp; m\u00eame moment \u00bb, a d\u00e9clar\u00e9 Holt. \u00ab Nous esp\u00e9rons que tout le monde se joindra \u00e0 nous pour cet&nbsp; \u00e9v\u00e9nement marquant. \u00bb&nbsp;<\/p>\n\n\n\n<p>La c\u00e9r\u00e9monie sera diffus\u00e9e en direct sur la chaine parlementaire de l\u2019Assembl\u00e9e l\u00e9gislative, au&nbsp; poste 70, et en ligne \u00e0 partir de 11h. Elle demeurera \u00e9galement disponible en ligne apr\u00e8s&nbsp; l\u2019\u00e9v\u00e9nement en direct.&nbsp;<\/p>\n\n\n\n<p>-30-&nbsp;<\/p>\n\n\n\n<p><strong>CONTACT MEDIA :&nbsp;<\/strong><\/p>\n\n\n\n<p>Katie Beers&nbsp;<\/p>\n","protected":false},"excerpt":{"rendered":"<p>Pour diffusion imm\u00e9diate&nbsp; Le caucus lib\u00e9ral sera asserment\u00e9 en tant que membres\u00a0de l\u2019Assembl\u00e9e l\u00e9gislative\u00a0 FREDERICTON (29 octobre 2024) \u2013 Le 2 novembre 2024 \u00e0 11h, \u00e0 l\u2019Assembl\u00e9e l\u00e9gislative,&nbsp; joignez-vous \u00e0 [&hellip;]<\/p>\n","protected":false},"author":17,"featured_media":8044,"comment_status":"closed","ping_status":"closed","sticky":false,"template":"","format":"standard","meta":{"_seopress_robots_primary_cat":"none","_seopress_titles_title":"","_seopress_titles_desc":"","_seopress_robots_index":"","_price":"","_stock":"","_tribe_ticket_header":"","_tribe_default_ticket_provider":"","_tribe_ticket_capacity":"0","_ticket_start_date":"","_ticket_end_date":"","_tribe_ticket_show_description":"","_tribe_ticket_show_not_going":false,"_tribe_ticket_use_global_stock":"","_tribe_ticket_global_stock_level":"","_global_stock_mode":"","_global_stock_cap":"","_tribe_rsvp_for_event":"","_tribe_ticket_going_count":"","_tribe_ticket_not_going_count":"","_tribe_tickets_list":"[]","_tribe_ticket_has_attendee_info_fields":false,"footnotes":""},"categories":[15],"tags":[],"class_list":["post-89590","post","type-post","status-publish","format-standard","has-post-thumbnail","hentry","category-non-classifiee"],"meta_box":[],"_links":{"self":[{"href":"https:\/\/nbliberal.ca\/fr\/wp-json\/wp\/v2\/posts\/89590","targetHints":{"allow":["GET"]}}],"collection":[{"href":"https:\/\/nbliberal.ca\/fr\/wp-json\/wp\/v2\/posts"}],"about":[{"href":"https:\/\/nbliberal.ca\/fr\/wp-json\/wp\/v2\/types\/post"}],"author":[{"embeddable":true,"href":"https:\/\/nbliberal.ca\/fr\/wp-json\/wp\/v2\/users\/17"}],"replies":[{"embeddable":true,"href":"https:\/\/nbliberal.ca\/fr\/wp-json\/wp\/v2\/comments?post=89590"}],"version-history":[{"count":1,"href":"https:\/\/nbliberal.ca\/fr\/wp-json\/wp\/v2\/posts\/89590\/revisions"}],"predecessor-version":[{"id":89591,"href":"https:\/\/nbliberal.ca\/fr\/wp-json\/wp\/v2\/posts\/89590\/revisions\/89591"}],"wp:featuredmedia":[{"embeddable":true,"href":"https:\/\/nbliberal.ca\/fr\/wp-json\/wp\/v2\/media\/8044"}],"wp:attachment":[{"href":"https:\/\/nbliberal.ca\/fr\/wp-json\/wp\/v2\/media?parent=89590"}],"wp:term":[{"taxonomy":"category","embeddable":true,"href":"https:\/\/nbliberal.ca\/fr\/wp-json\/wp\/v2\/categories?post=89590"},{"taxonomy":"post_tag","embeddable":true,"href":"https:\/\/nbliberal.ca\/fr\/wp-json\/wp\/v2\/tags?post=89590"}],"curies":[{"name":"wp","href":"https:\/\/api.w.org\/{rel}","templated":true}]}}