{"id":6903,"date":"2020-12-17T13:13:28","date_gmt":"2020-12-17T18:13:28","guid":{"rendered":"https:\/\/wordpress-403092-4429197.cloudwaysapps.com\/lisa-harris-devient-la-premiere-femme-a-presider-le-comite-des-comptes-publics\/"},"modified":"2024-04-05T14:30:54","modified_gmt":"2024-04-05T18:30:54","slug":"lisa-harris-devient-la-premiere-femme-a-presider-le-comite-des-comptes-publics","status":"publish","type":"post","link":"https:\/\/nbliberal.ca\/fr\/lisa-harris-devient-la-premiere-femme-a-presider-le-comite-des-comptes-publics\/","title":{"rendered":"Lisa Harris devient la premi\u00e8re femme \u00e0 pr\u00e9sider le Comit\u00e9 des comptes publics"},"content":{"rendered":"<p>L&rsquo;Opposition lib\u00e9rale est fi\u00e8re d&rsquo;annoncer que Lisa Harris, d\u00e9put\u00e9e de Baie-de-Miramichi-Neguac, est la premi\u00e8re femme \u00e0 pr\u00e9sider le Comit\u00e9 permanent des comptes publics au Nouveau-Brunswick.<\/p>\n<p>&nbsp;<\/p>\n<p>\u00ab C\u2019est un honneur pour moi d&rsquo;\u00eatre la premi\u00e8re femme \u00e0 pr\u00e9sider le Comit\u00e9 des comptes publics \u00bb, a d\u00e9clar\u00e9 Lisa Harris. \u00ab Le travail de ce comit\u00e9 est fondamental pour que le gouvernement rende des comptes et je prends cela tr\u00e8s au s\u00e9rieux. En tant que pr\u00e9sidente, j&rsquo;agirai toujours de fa\u00e7on impartiale et dans le meilleur int\u00e9r\u00eat des N\u00e9o-Brunswickois et N\u00e9o-Brunswickoises. \u00bb<\/p>\n<p>&nbsp;<\/p>\n<p>Le Comit\u00e9 permanent des comptes publics traite les rapports des minist\u00e8res, des agences provinciales, des conseils et des commissions, et examine le rapport de la v\u00e9rificatrice g\u00e9n\u00e9rale, les recettes et les d\u00e9penses de chaque minist\u00e8re pour l&rsquo;exercice financier pr\u00e9c\u00e9dent. C&rsquo;est \u00e9galement le seul comit\u00e9 l\u00e9gislatif qui est pr\u00e9sid\u00e9e par un membre de l&rsquo;Opposition officielle.<\/p>\n<p>&nbsp;<\/p>\n<p>\u00ab Bien que je sois honor\u00e9e de d\u00e9tenir ce titre, le fait que je sois la premi\u00e8re femme \u00e0 pr\u00e9sider ce comit\u00e9, en 2020, montre \u00e0 quel point nous avons peu progress\u00e9 depuis l&rsquo;\u00e9lection de la premi\u00e8re femme \u00e0 l&rsquo;Assembl\u00e9e l\u00e9gislative en 1967 \u00bb, d\u00e9clare la d\u00e9put\u00e9e de Baie-de-Miramichi-Neguac. \u00ab Vous pourriez y placer toutes les femmes qui ont \u00e9t\u00e9 d\u00e9put\u00e9es provinciales et vous n\u2019auriez toujours pas une Assembl\u00e9e l\u00e9gislative compl\u00e8te. Seulement 47 femmes ont \u00e9t\u00e9 \u00e9lues \u00e0 l&rsquo;Assembl\u00e9e l\u00e9gislative dans l&rsquo;histoire du Nouveau-Brunswick. Nous devons faire mieux. \u00bb<\/p>\n","protected":false},"excerpt":{"rendered":"<p>L&rsquo;Opposition lib\u00e9rale est fi\u00e8re d&rsquo;annoncer que Lisa Harris, d\u00e9put\u00e9e de Baie-de-Miramichi-Neguac, est la premi\u00e8re femme \u00e0 pr\u00e9sider le Comit\u00e9 permanent des comptes publics au Nouveau-Brunswick. &nbsp; \u00ab C\u2019est un honneur [&hellip;]<\/p>\n","protected":false},"author":17,"featured_media":6901,"comment_status":"open","ping_status":"open","sticky":false,"template":"","format":"standard","meta":{"_seopress_robots_primary_cat":"","_seopress_titles_title":"","_seopress_titles_desc":"","_seopress_robots_index":"","_price":"","_stock":"","_tribe_ticket_header":"","_tribe_default_ticket_provider":"","_tribe_ticket_capacity":"0","_ticket_start_date":"","_ticket_end_date":"","_tribe_ticket_show_description":"","_tribe_ticket_show_not_going":false,"_tribe_ticket_use_global_stock":"","_tribe_ticket_global_stock_level":"","_global_stock_mode":"","_global_stock_cap":"","_tribe_rsvp_for_event":"","_tribe_ticket_going_count":"","_tribe_ticket_not_going_count":"","_tribe_tickets_list":"[]","_tribe_ticket_has_attendee_info_fields":false,"footnotes":""},"categories":[15],"tags":[],"class_list":["post-6903","post","type-post","status-publish","format-standard","has-post-thumbnail","hentry","category-non-classifiee"],"meta_box":[],"_links":{"self":[{"href":"https:\/\/nbliberal.ca\/fr\/wp-json\/wp\/v2\/posts\/6903","targetHints":{"allow":["GET"]}}],"collection":[{"href":"https:\/\/nbliberal.ca\/fr\/wp-json\/wp\/v2\/posts"}],"about":[{"href":"https:\/\/nbliberal.ca\/fr\/wp-json\/wp\/v2\/types\/post"}],"author":[{"embeddable":true,"href":"https:\/\/nbliberal.ca\/fr\/wp-json\/wp\/v2\/users\/17"}],"replies":[{"embeddable":true,"href":"https:\/\/nbliberal.ca\/fr\/wp-json\/wp\/v2\/comments?post=6903"}],"version-history":[{"count":1,"href":"https:\/\/nbliberal.ca\/fr\/wp-json\/wp\/v2\/posts\/6903\/revisions"}],"predecessor-version":[{"id":6905,"href":"https:\/\/nbliberal.ca\/fr\/wp-json\/wp\/v2\/posts\/6903\/revisions\/6905"}],"wp:featuredmedia":[{"embeddable":true,"href":"https:\/\/nbliberal.ca\/fr\/wp-json\/wp\/v2\/media\/6901"}],"wp:attachment":[{"href":"https:\/\/nbliberal.ca\/fr\/wp-json\/wp\/v2\/media?parent=6903"}],"wp:term":[{"taxonomy":"category","embeddable":true,"href":"https:\/\/nbliberal.ca\/fr\/wp-json\/wp\/v2\/categories?post=6903"},{"taxonomy":"post_tag","embeddable":true,"href":"https:\/\/nbliberal.ca\/fr\/wp-json\/wp\/v2\/tags?post=6903"}],"curies":[{"name":"wp","href":"https:\/\/api.w.org\/{rel}","templated":true}]}}