{"id":65304,"date":"2024-10-17T17:59:54","date_gmt":"2024-10-17T21:59:54","guid":{"rendered":"https:\/\/nbliberal.ca\/?p=65304"},"modified":"2024-10-17T18:01:10","modified_gmt":"2024-10-17T22:01:10","slug":"lequipe-holt-annonce-lexpansion-de-la-clinique-de-soins-communautaires-a-blacks-harbour","status":"publish","type":"post","link":"https:\/\/nbliberal.ca\/fr\/lequipe-holt-annonce-lexpansion-de-la-clinique-de-soins-communautaires-a-blacks-harbour\/","title":{"rendered":"L\u2019\u00e9quipe Holt annonce l&rsquo;expansion de la clinique de soins communautaires \u00e0 Blacks Harbour\u00a0"},"content":{"rendered":"\n<p><strong>17 octobre 2024 (St. George)<\/strong> \u2013 Aujourd&rsquo;hui, Susan Holt, cheffe du Parti lib\u00e9ral du Nouveau-Brunswick, et Patty Borthwick, candidate pour Fundy-The Isles-Saint John Lorneville, ont annonc\u00e9 qu\u2019un gouvernement Holt soutiendrait l&rsquo;expansion d&rsquo;une clinique de soins communautaires \u00e0 Blacks Harbour.<\/p>\n\n\n\n<p>\u00ab Les soins de sant\u00e9 sont la priorit\u00e9 num\u00e9ro un dont me parlent les \u00e9lecteurs de cette circonscription \u00bb, a d\u00e9clar\u00e9 Borthwick. \u00ab Seulement un tiers des habitants de la r\u00e9gion peuvent r\u00e9ellement obtenir un rendez-vous en cinq jours ou moins. \u00bb<\/p>\n\n\n\n<p><br>Le mod\u00e8le de clinique de soins communautaires regroupe des professionnels de la sant\u00e9 de divers secteurs de soins primaires \u2013 des m\u00e9decins, des infirmi\u00e8res et des professionnels de la sant\u00e9 mentale, entre autres \u2013 pour offrir aux N\u00e9o-Brunswickois tous les soins sous un m\u00eame toit. Ces cliniques permettront aux patients d\u2019acc\u00e9der \u00e0 des soins pr\u00e9ventifs et primaires afin qu\u2019ils ne soient pas contraints de passer des heures \u00e0 attendre aux urgences.<\/p>\n\n\n\n<p>\u00ab L&rsquo;expansion du centre de sant\u00e9 local de notre r\u00e9gion en une clinique de soins communautaires sera cruciale pour l\u2019acc\u00e8s aux soins primaires dans cette r\u00e9gion \u00bb, a ajout\u00e9 Borthwick. \u00ab Les m\u00e9decins, les infirmi\u00e8res, les professionnels de la sant\u00e9 mentale, tous r\u00e9clament ce mod\u00e8le de clinique et je suis fi\u00e8re de faire partie de l\u2019\u00e9quipe qui va les concr\u00e9tiser. \u00bb<\/p>\n\n\n\n<p>\u00ab Je suis tr\u00e8s heureuse d\u2019annoncer, avec Patty qui travaille si fort pour les gens de Fundy-The Isles-Saint John Lorneville, l\u2019expansion de cette clinique qui sera notre quatorzi\u00e8me \u00bb, a d\u00e9clar\u00e9 Holt. \u00ab Les soins de sant\u00e9 ont toujours \u00e9t\u00e9 au c\u0153ur de notre campagne. L\u2019\u00e9quipe Holt est ax\u00e9e sur l\u2019acc\u00e8s aux soins de sant\u00e9 pour tous les N\u00e9o-Brunswickois, pr\u00e8s de chez eux et au moment o\u00f9 ils en ont besoin. \u00bb<\/p>\n","protected":false},"excerpt":{"rendered":"<p>17 octobre 2024 (St. George) \u2013 Aujourd&rsquo;hui, Susan Holt, cheffe du Parti lib\u00e9ral du Nouveau-Brunswick, et Patty Borthwick, candidate pour Fundy-The Isles-Saint John Lorneville, ont annonc\u00e9 qu\u2019un gouvernement Holt soutiendrait [&hellip;]<\/p>\n","protected":false},"author":22,"featured_media":65312,"comment_status":"closed","ping_status":"closed","sticky":false,"template":"","format":"standard","meta":{"_seopress_robots_primary_cat":"none","_seopress_titles_title":"","_seopress_titles_desc":"","_seopress_robots_index":"","_price":"","_stock":"","_tribe_ticket_header":"","_tribe_default_ticket_provider":"","_tribe_ticket_capacity":"0","_ticket_start_date":"","_ticket_end_date":"","_tribe_ticket_show_description":"","_tribe_ticket_show_not_going":false,"_tribe_ticket_use_global_stock":"","_tribe_ticket_global_stock_level":"","_global_stock_mode":"","_global_stock_cap":"","_tribe_rsvp_for_event":"","_tribe_ticket_going_count":"","_tribe_ticket_not_going_count":"","_tribe_tickets_list":"[]","_tribe_ticket_has_attendee_info_fields":false,"footnotes":""},"categories":[15],"tags":[],"class_list":["post-65304","post","type-post","status-publish","format-standard","has-post-thumbnail","hentry","category-non-classifiee"],"meta_box":[],"_links":{"self":[{"href":"https:\/\/nbliberal.ca\/fr\/wp-json\/wp\/v2\/posts\/65304","targetHints":{"allow":["GET"]}}],"collection":[{"href":"https:\/\/nbliberal.ca\/fr\/wp-json\/wp\/v2\/posts"}],"about":[{"href":"https:\/\/nbliberal.ca\/fr\/wp-json\/wp\/v2\/types\/post"}],"author":[{"embeddable":true,"href":"https:\/\/nbliberal.ca\/fr\/wp-json\/wp\/v2\/users\/22"}],"replies":[{"embeddable":true,"href":"https:\/\/nbliberal.ca\/fr\/wp-json\/wp\/v2\/comments?post=65304"}],"version-history":[{"count":3,"href":"https:\/\/nbliberal.ca\/fr\/wp-json\/wp\/v2\/posts\/65304\/revisions"}],"predecessor-version":[{"id":69016,"href":"https:\/\/nbliberal.ca\/fr\/wp-json\/wp\/v2\/posts\/65304\/revisions\/69016"}],"wp:featuredmedia":[{"embeddable":true,"href":"https:\/\/nbliberal.ca\/fr\/wp-json\/wp\/v2\/media\/65312"}],"wp:attachment":[{"href":"https:\/\/nbliberal.ca\/fr\/wp-json\/wp\/v2\/media?parent=65304"}],"wp:term":[{"taxonomy":"category","embeddable":true,"href":"https:\/\/nbliberal.ca\/fr\/wp-json\/wp\/v2\/categories?post=65304"},{"taxonomy":"post_tag","embeddable":true,"href":"https:\/\/nbliberal.ca\/fr\/wp-json\/wp\/v2\/tags?post=65304"}],"curies":[{"name":"wp","href":"https:\/\/api.w.org\/{rel}","templated":true}]}}