{"id":20393,"date":"2024-09-11T12:00:00","date_gmt":"2024-09-11T16:00:00","guid":{"rendered":"https:\/\/nbliberal.ca\/?p=20393"},"modified":"2024-09-11T12:09:39","modified_gmt":"2024-09-11T16:09:39","slug":"susan-holt-sengage-a-presenter-des-budgets-equilibres-tout-au-long-de-son-mandat","status":"publish","type":"post","link":"https:\/\/nbliberal.ca\/fr\/susan-holt-sengage-a-presenter-des-budgets-equilibres-tout-au-long-de-son-mandat\/","title":{"rendered":"Susan Holt s\u2019engage \u00e0 pr\u00e9senter des budgets \u00e9quilibr\u00e9s tout au long de son mandat"},"content":{"rendered":"\n<p>Pour diffusion imm\u00e9diate<\/p>\n\n\n\n<p><strong>Saint John, le 11 septembre 2024 &#8211; <\/strong>S&rsquo;adressant \u00e0 la Chambre de commerce de la r\u00e9gion de Saint John cet apr\u00e8s-midi, Susan Holt, cheffe du Parti lib\u00e9ral du Nouveau-Brunswick, s&rsquo;est engag\u00e9e \u00e0 faire preuve de responsabilit\u00e9 financi\u00e8re. \u00ab Un gouvernement Holt pr\u00e9sentera des budgets \u00e9quilibr\u00e9s chaque ann\u00e9e de son mandat et continuera \u00e0 rembourser la dette provinciale. Les N\u00e9o-Brunswickois nous ont dit qu&rsquo;ils voulaient un gouvernement qui prend des d\u00e9cisions financi\u00e8res r\u00e9fl\u00e9chies pour aujourd&rsquo;hui et pour l&rsquo;avenir. C&rsquo;est ce que nous ferons. \u00bb<\/p>\n\n\n\n<p>Malgr\u00e9 les attaques r\u00e9p\u00e9t\u00e9es des conservateurs de M. Higgs qui remettent en question les priorit\u00e9s budg\u00e9taires de Mme Holt, celle-ci a d\u00e9montr\u00e9 \u00e0 maintes reprises que la gestion strat\u00e9gique et responsable des finances publiques sera la premi\u00e8re caract\u00e9ristique du prochain gouvernement lib\u00e9ral.<\/p>\n\n\n\n<p>Contrairement \u00e0 Blaine Higgs et Ernie Steeves qui ne font que tenter de manipuler l\u2019opinion publique avec leurs projections financi\u00e8res, le gouvernement Holt \u00e9quilibrera le budget et veillera \u00e0 ce que les pr\u00e9visions des finances publiques de la province soient exactes afin de r\u00e9tablir la confiance des N\u00e9o-Brunswickois \u00e0 l&rsquo;\u00e9gard du processus budg\u00e9taire.<\/p>\n\n\n\n<p><strong>Prendre soin des gens et de l&rsquo;\u00e9conomie<\/strong><\/p>\n\n\n\n<p>L&rsquo;\u00e9quipe Holt s&rsquo;engage \u00e0 adopter une approche \u00e9quilibr\u00e9e qui accorde la m\u00eame importance aux services importants dont ont besoin les N\u00e9o-Brunswickois et \u00e0 la croissance et stabilit\u00e9 financi\u00e8re de la province.<\/p>\n\n\n\n<p>\u00ab Il existe un lien important entre notre croissance \u00e9conomique et le bien-\u00eatre de tous les habitants de la province. Nous avons actuellement le deuxi\u00e8me plus bas PIB par habitant en Am\u00e9rique du Nord. Nous prenons du retard dans notre \u00e9conomie. G\u00e9rer notre budget de mani\u00e8re responsable ne signifie pas refuser d&rsquo;investir dans la croissance, \u00bb a d\u00e9clar\u00e9 Ren\u00e9 Legacy, porte-parole lib\u00e9ral en mati\u00e8re de Finances.&nbsp;<\/p>\n\n\n\n<p>Le gouvernement Holt mettra en place une \u00e9quipe solide qui se concentrera sur les r\u00e9sultats tout en investissant dans les services qui comptent le plus pour les N\u00e9o-Brunswickois et leurs familles. \u00ab Nous pouvons faire en sorte que chaque N\u00e9o-Brunswickois ait acc\u00e8s \u00e0 des soins de sant\u00e9 primaires, qu&rsquo;aucun enfant n&rsquo;aille \u00e0 l&rsquo;\u00e9cole le ventre vide et que nous remboursions notre dette provinciale, \u00bb conclut Susan Holt.<\/p>\n\n\n\n<p>-30-<\/p>\n\n\n\n<p><strong>CONTACT M\u00c9DIA :<\/strong><\/p>\n\n\n\n<p>Pascale Paulin<\/p>\n\n\n\n<p>Attach\u00e9e de presse<\/p>\n\n\n\n<p>media@nbliberal.ca<\/p>\n\n\n\n<p>(506) 866-3420<\/p>\n","protected":false},"excerpt":{"rendered":"<p>Pour diffusion imm\u00e9diate Saint John, le 11 septembre 2024 &#8211; S&rsquo;adressant \u00e0 la Chambre de commerce de la r\u00e9gion de Saint John cet apr\u00e8s-midi, Susan Holt, cheffe du Parti lib\u00e9ral [&hellip;]<\/p>\n","protected":false},"author":17,"featured_media":20406,"comment_status":"closed","ping_status":"closed","sticky":false,"template":"","format":"standard","meta":{"_seopress_robots_primary_cat":"none","_seopress_titles_title":"","_seopress_titles_desc":"","_seopress_robots_index":"","_price":"","_stock":"","_tribe_ticket_header":"","_tribe_default_ticket_provider":"","_tribe_ticket_capacity":"0","_ticket_start_date":"","_ticket_end_date":"","_tribe_ticket_show_description":"","_tribe_ticket_show_not_going":false,"_tribe_ticket_use_global_stock":"","_tribe_ticket_global_stock_level":"","_global_stock_mode":"","_global_stock_cap":"","_tribe_rsvp_for_event":"","_tribe_ticket_going_count":"","_tribe_ticket_not_going_count":"","_tribe_tickets_list":"[]","_tribe_ticket_has_attendee_info_fields":false,"footnotes":""},"categories":[15],"tags":[],"class_list":["post-20393","post","type-post","status-publish","format-standard","has-post-thumbnail","hentry","category-non-classifiee"],"meta_box":[],"_links":{"self":[{"href":"https:\/\/nbliberal.ca\/fr\/wp-json\/wp\/v2\/posts\/20393","targetHints":{"allow":["GET"]}}],"collection":[{"href":"https:\/\/nbliberal.ca\/fr\/wp-json\/wp\/v2\/posts"}],"about":[{"href":"https:\/\/nbliberal.ca\/fr\/wp-json\/wp\/v2\/types\/post"}],"author":[{"embeddable":true,"href":"https:\/\/nbliberal.ca\/fr\/wp-json\/wp\/v2\/users\/17"}],"replies":[{"embeddable":true,"href":"https:\/\/nbliberal.ca\/fr\/wp-json\/wp\/v2\/comments?post=20393"}],"version-history":[{"count":2,"href":"https:\/\/nbliberal.ca\/fr\/wp-json\/wp\/v2\/posts\/20393\/revisions"}],"predecessor-version":[{"id":20397,"href":"https:\/\/nbliberal.ca\/fr\/wp-json\/wp\/v2\/posts\/20393\/revisions\/20397"}],"wp:featuredmedia":[{"embeddable":true,"href":"https:\/\/nbliberal.ca\/fr\/wp-json\/wp\/v2\/media\/20406"}],"wp:attachment":[{"href":"https:\/\/nbliberal.ca\/fr\/wp-json\/wp\/v2\/media?parent=20393"}],"wp:term":[{"taxonomy":"category","embeddable":true,"href":"https:\/\/nbliberal.ca\/fr\/wp-json\/wp\/v2\/categories?post=20393"},{"taxonomy":"post_tag","embeddable":true,"href":"https:\/\/nbliberal.ca\/fr\/wp-json\/wp\/v2\/tags?post=20393"}],"curies":[{"name":"wp","href":"https:\/\/api.w.org\/{rel}","templated":true}]}}