{"id":19993,"date":"2024-08-30T08:37:02","date_gmt":"2024-08-30T12:37:02","guid":{"rendered":"https:\/\/nbliberal.ca\/statement-from-nb-liberal-party-leader-susan-holt-on-mystery-illness\/"},"modified":"2024-08-30T08:38:38","modified_gmt":"2024-08-30T12:38:38","slug":"declaration-de-susan-holt-chef-du-parti-liberal-du-nouveau-brunswick-au-sujet-dune-maladie-mysterieuse","status":"publish","type":"post","link":"https:\/\/nbliberal.ca\/fr\/declaration-de-susan-holt-chef-du-parti-liberal-du-nouveau-brunswick-au-sujet-dune-maladie-mysterieuse\/","title":{"rendered":"D\u00e9claration de Susan Holt, chef du Parti lib\u00e9ral du Nouveau-Brunswick, au sujet d&rsquo;une maladie myst\u00e9rieuse\u00a0"},"content":{"rendered":"\n<p><strong><span style=\"text-decoration: underline;\">D\u00e9claration de Susan Holt, chef du Parti lib\u00e9ral du Nouveau-Brunswick, au sujet d&rsquo;une maladie myst\u00e9rieuse<\/span><\/strong>\u00a0<\/p>\n\n\n\n<p>Les N\u00e9o-Brunswickois et N\u00e9o-Brunswickoises souffrant de sympt\u00f4mes inexpliqu\u00e9s et les m\u00e9decins qui tentent de les aider ont \u00e9t\u00e9 ignor\u00e9s depuis bien trop longtemps par le gouvernement Higgs. Certaines de ces personnes sont malheureusement d\u00e9j\u00e0 d\u00e9c\u00e9d\u00e9es. Les gens du Nouveau-Brunswick m\u00e9ritent des r\u00e9ponses. Nous avons besoin de savoir ce qui nous rend malades.<\/p>\n\n\n\n<p>Notre \u00e9quipe a consult\u00e9 des experts et nous avons un plan pour que la sant\u00e9 publique tire parti de l&rsquo;aide f\u00e9d\u00e9rale et lance une enqu\u00eate scientifique ouverte et transparente sur cette myst\u00e9rieuse maladie.<\/p>\n","protected":false},"excerpt":{"rendered":"<p>D\u00e9claration de Susan Holt, chef du Parti lib\u00e9ral du Nouveau-Brunswick, au sujet d&rsquo;une maladie myst\u00e9rieuse\u00a0 Les N\u00e9o-Brunswickois et N\u00e9o-Brunswickoises souffrant de sympt\u00f4mes inexpliqu\u00e9s et les m\u00e9decins qui tentent de les [&hellip;]<\/p>\n","protected":false},"author":17,"featured_media":20073,"comment_status":"closed","ping_status":"closed","sticky":false,"template":"","format":"standard","meta":{"_seopress_robots_primary_cat":"none","_seopress_titles_title":"","_seopress_titles_desc":"","_seopress_robots_index":"","_price":"","_stock":"","_tribe_ticket_header":"","_tribe_default_ticket_provider":"","_tribe_ticket_capacity":"0","_ticket_start_date":"","_ticket_end_date":"","_tribe_ticket_show_description":"","_tribe_ticket_show_not_going":false,"_tribe_ticket_use_global_stock":"","_tribe_ticket_global_stock_level":"","_global_stock_mode":"","_global_stock_cap":"","_tribe_rsvp_for_event":"","_tribe_ticket_going_count":"","_tribe_ticket_not_going_count":"","_tribe_tickets_list":"[]","_tribe_ticket_has_attendee_info_fields":false,"footnotes":""},"categories":[15],"tags":[],"class_list":["post-19993","post","type-post","status-publish","format-standard","has-post-thumbnail","hentry","category-non-classifiee"],"meta_box":[],"_links":{"self":[{"href":"https:\/\/nbliberal.ca\/fr\/wp-json\/wp\/v2\/posts\/19993","targetHints":{"allow":["GET"]}}],"collection":[{"href":"https:\/\/nbliberal.ca\/fr\/wp-json\/wp\/v2\/posts"}],"about":[{"href":"https:\/\/nbliberal.ca\/fr\/wp-json\/wp\/v2\/types\/post"}],"author":[{"embeddable":true,"href":"https:\/\/nbliberal.ca\/fr\/wp-json\/wp\/v2\/users\/17"}],"replies":[{"embeddable":true,"href":"https:\/\/nbliberal.ca\/fr\/wp-json\/wp\/v2\/comments?post=19993"}],"version-history":[{"count":1,"href":"https:\/\/nbliberal.ca\/fr\/wp-json\/wp\/v2\/posts\/19993\/revisions"}],"predecessor-version":[{"id":19994,"href":"https:\/\/nbliberal.ca\/fr\/wp-json\/wp\/v2\/posts\/19993\/revisions\/19994"}],"wp:featuredmedia":[{"embeddable":true,"href":"https:\/\/nbliberal.ca\/fr\/wp-json\/wp\/v2\/media\/20073"}],"wp:attachment":[{"href":"https:\/\/nbliberal.ca\/fr\/wp-json\/wp\/v2\/media?parent=19993"}],"wp:term":[{"taxonomy":"category","embeddable":true,"href":"https:\/\/nbliberal.ca\/fr\/wp-json\/wp\/v2\/categories?post=19993"},{"taxonomy":"post_tag","embeddable":true,"href":"https:\/\/nbliberal.ca\/fr\/wp-json\/wp\/v2\/tags?post=19993"}],"curies":[{"name":"wp","href":"https:\/\/api.w.org\/{rel}","templated":true}]}}