{"id":15914,"date":"2024-07-03T13:43:54","date_gmt":"2024-07-03T17:43:54","guid":{"rendered":"https:\/\/nbliberal.ca\/les-liberaux-du-nouveau-brunswick-nomment-joni-leger-dans-fredericton-lincoln\/"},"modified":"2024-07-03T13:46:50","modified_gmt":"2024-07-03T17:46:50","slug":"les-liberaux-du-nouveau-brunswick-nomment-joni-leger-dans-fredericton-lincoln","status":"publish","type":"post","link":"https:\/\/nbliberal.ca\/fr\/les-liberaux-du-nouveau-brunswick-nomment-joni-leger-dans-fredericton-lincoln\/","title":{"rendered":"Les lib\u00e9raux du Nouveau-Brunswick nomment Joni Leger dans Fredericton-Lincoln"},"content":{"rendered":"\n<p><strong>3 juillet 2024 (Fredericton) <\/strong>&#8211; Les lib\u00e9raux se sont r\u00e9unis dans la circonscription de Fredericton-Lincoln, hier soir, pour nommer Joni Leger comme candidate aux prochaines \u00e9lections provinciales.<\/p>\n\n<p>Lors de l&rsquo;\u00e9v\u00e9nement, la cheffe du Parti lib\u00e9ral du Nouveau-Brunswick, Susan Holt, a d\u00e9clar\u00e9 : \u00ab J&rsquo;entends les deux m\u00eames choses partout o\u00f9 je vais, que les gens se sentent exclus de la prise de d\u00e9cision et que le premier ministre Higgs doit partir. Je l&rsquo;ai entendu tout r\u00e9cemment de la part d&rsquo;un m\u00e9decin de famille qui m&rsquo;a dit que sa propre famille n&rsquo;a pas acc\u00e8s \u00e0 un m\u00e9decin, pas plus que ses voisins. Il \u00e9tait pr\u00e9occup\u00e9 par les difficult\u00e9s d&rsquo;acc\u00e8s aux soins primaires et frustr\u00e9 que ce gouvernement n&rsquo;ait pas ouvert de dialogue avec ceux qui comprennent mieux que quiconque les d\u00e9fis sur le terrain. Un gouvernement Holt apportera des changements audacieux au domaine de la sant\u00e9 en \u00e9coutant les experts, en prenant des d\u00e9cisions qui s\u2019appuient sur des donn\u00e9es et en prenant soin de ceux qui prennent soin de nous. \u00bb<\/p>\n\n<p>Fredericton-Lincoln est la vingt-troisi\u00e8me circonscription o\u00f9 le Parti lib\u00e9ral organise un congr\u00e8s d\u2019investiture en vue des prochaines \u00e9lections provinciales.<\/p>\n\n<p>Joni Leger a pass\u00e9 les dix derni\u00e8res ann\u00e9es \u00e0 travailler en recherche et en innovation avec des \u00e9tablissements postsecondaires, des chercheurs, des partenaires industriels et gouvernementaux pour soutenir la croissance \u00e9conomique au Nouveau-Brunswick. Joni a \u00e9galement pass\u00e9 les dix ans pr\u00e9c\u00e9dents \u00e0 travailler pour des organisations \u00e0 but non lucratif afin de d\u00e9velopper et d\u2019offrir des programmes et des services aux personnes confront\u00e9es \u00e0 des d\u00e9fis sociaux, \u00e9conomiques et interpersonnels, avec un int\u00e9r\u00eat particulier pour le soutien aux femmes et aux filles.<\/p>\n\n<p>En s&rsquo;adressant \u00e0 la foule, Leger a d\u00e9clar\u00e9 : \u00ab Je suis une communicatrice et une collaboratrice qui cherche toujours des liens et des solutions. Je veux identifier les obstacles et les \u00e9liminer pour que nous puissions faire le travail que nous devons faire. Je crois sinc\u00e8rement que nous avons toujours quelque chose \u00e0 apprendre et que chacun peut amener sa contribution. J&rsquo;ai h\u00e2te de le faire en collaborant avec cette fantastique \u00e9quipe lorsque Susan sera notre premi\u00e8re ministre. \u00bb<\/p>\n\n<p>\u00ab Je suis tr\u00e8s heureuse d&rsquo;ajouter Joni \u00e0 notre incroyable \u00e9quipe \u00bb, a d\u00e9clar\u00e9 Holt en cl\u00f4turant l&rsquo;\u00e9v\u00e9nement. \u00ab D\u00e8s la premi\u00e8re fois que je l&rsquo;ai rencontr\u00e9e, Joni m&rsquo;a impressionn\u00e9e par sa curiosit\u00e9. J&rsquo;ai vu une \u00e9tincelle dans les yeux de Joni, une passion pour le service public, celle de quelqu&rsquo;un qui veut faire le travail. Je sais qu&rsquo;elle sera une excellente repr\u00e9sentante pour les gens de Fredericton-Lincoln. \u00bb<\/p>\n","protected":false},"excerpt":{"rendered":"<p>3 juillet 2024 (Fredericton) &#8211; Les lib\u00e9raux se sont r\u00e9unis dans la circonscription de Fredericton-Lincoln, hier soir, pour nommer Joni Leger comme candidate aux prochaines \u00e9lections provinciales. Lors de l&rsquo;\u00e9v\u00e9nement, [&hellip;]<\/p>\n","protected":false},"author":17,"featured_media":15912,"comment_status":"closed","ping_status":"closed","sticky":false,"template":"","format":"standard","meta":{"_seopress_robots_primary_cat":"none","_seopress_titles_title":"","_seopress_titles_desc":"","_seopress_robots_index":"","_price":"","_stock":"","_tribe_ticket_header":"","_tribe_default_ticket_provider":"","_tribe_ticket_capacity":"0","_ticket_start_date":"","_ticket_end_date":"","_tribe_ticket_show_description":"","_tribe_ticket_show_not_going":false,"_tribe_ticket_use_global_stock":"","_tribe_ticket_global_stock_level":"","_global_stock_mode":"","_global_stock_cap":"","_tribe_rsvp_for_event":"","_tribe_ticket_going_count":"","_tribe_ticket_not_going_count":"","_tribe_tickets_list":"[]","_tribe_ticket_has_attendee_info_fields":false,"footnotes":""},"categories":[15],"tags":[],"class_list":["post-15914","post","type-post","status-publish","format-standard","has-post-thumbnail","hentry","category-non-classifiee"],"meta_box":[],"_links":{"self":[{"href":"https:\/\/nbliberal.ca\/fr\/wp-json\/wp\/v2\/posts\/15914","targetHints":{"allow":["GET"]}}],"collection":[{"href":"https:\/\/nbliberal.ca\/fr\/wp-json\/wp\/v2\/posts"}],"about":[{"href":"https:\/\/nbliberal.ca\/fr\/wp-json\/wp\/v2\/types\/post"}],"author":[{"embeddable":true,"href":"https:\/\/nbliberal.ca\/fr\/wp-json\/wp\/v2\/users\/17"}],"replies":[{"embeddable":true,"href":"https:\/\/nbliberal.ca\/fr\/wp-json\/wp\/v2\/comments?post=15914"}],"version-history":[{"count":1,"href":"https:\/\/nbliberal.ca\/fr\/wp-json\/wp\/v2\/posts\/15914\/revisions"}],"predecessor-version":[{"id":15915,"href":"https:\/\/nbliberal.ca\/fr\/wp-json\/wp\/v2\/posts\/15914\/revisions\/15915"}],"wp:featuredmedia":[{"embeddable":true,"href":"https:\/\/nbliberal.ca\/fr\/wp-json\/wp\/v2\/media\/15912"}],"wp:attachment":[{"href":"https:\/\/nbliberal.ca\/fr\/wp-json\/wp\/v2\/media?parent=15914"}],"wp:term":[{"taxonomy":"category","embeddable":true,"href":"https:\/\/nbliberal.ca\/fr\/wp-json\/wp\/v2\/categories?post=15914"},{"taxonomy":"post_tag","embeddable":true,"href":"https:\/\/nbliberal.ca\/fr\/wp-json\/wp\/v2\/tags?post=15914"}],"curies":[{"name":"wp","href":"https:\/\/api.w.org\/{rel}","templated":true}]}}