{"id":12688,"date":"2024-05-30T12:53:41","date_gmt":"2024-05-30T16:53:41","guid":{"rendered":"https:\/\/lib.wpcdev.ca\/les-liberaux-du-n-b-nomment-luc-robichaud-dans-haute-terres-nepisiguit\/"},"modified":"2024-06-18T06:47:00","modified_gmt":"2024-06-18T10:47:00","slug":"les-liberaux-du-n-b-nomment-luc-robichaud-dans-haute-terres-nepisiguit","status":"publish","type":"post","link":"https:\/\/nbliberal.ca\/fr\/les-liberaux-du-n-b-nomment-luc-robichaud-dans-haute-terres-nepisiguit\/","title":{"rendered":"Les lib\u00e9raux du N.-B. nomment Luc Robichaud dans Haute-Terres-Nepisiguit"},"content":{"rendered":"<p>27 mai 2024 (Haute-Terres-Nepisiguit) &#8211; Les lib\u00e9raux se sont rencontr\u00e9s dans la circonscription de Haute-Terres-Nepisiguit aujourd\u2019hui afin de nommer Luc Robichaud comme candidat aux prochaines \u00e9lections provinciales.<\/p>\n<p>&nbsp;<\/p>\n<p>Au d\u00e9but de l&rsquo;\u00e9v\u00e9nement, entour\u00e9e de plus de 100 partisans locaux, de membres du caucus et de candidats, la cheffe du Parti lib\u00e9ral du Nouveau-Brunswick, Susan Holt, a d\u00e9clar\u00e9 : \u00ab Cette circonscription est et sera toujours tr\u00e8s ch\u00e8re \u00e0 mon coeur. Ce fut un r\u00e9el privil\u00e8ge de repr\u00e9senter les gens merveilleux de cette belle r\u00e9gion en tant que d\u00e9put\u00e9e. Je serai \u00e9ternellement reconnaissante pour l&rsquo;accueil chaleureux et le soutien que j&rsquo;ai re\u00e7us lors de mon \u00e9lection ici en 2023. \u00bb<\/p>\n<p>&nbsp;<\/p>\n<p>Haute-Terres-Nepisiguit est la dix-neuvi\u00e8me circonscription o\u00f9 le Parti lib\u00e9ral tient un congr\u00e8s d\u2019investiture en vue des prochaines \u00e9lections provinciales.<\/p>\n<p>&nbsp;<\/p>\n<p>Luc est dipl\u00f4m\u00e9 du programme d&rsquo;informatique du CCNB Bathurst, apr\u00e8s quoi il a enseign\u00e9 au CCNB de Bathurst et de la P\u00e9ninsule acadienne pendant plusieurs ann\u00e9es. Il a \u00e9t\u00e9 directeur g\u00e9n\u00e9ral du Club plein air de Caraquet de 2017 \u00e0 2020 et est directeur g\u00e9n\u00e9ral de la Coop\u00e9rative de Paquetville. Sur le plan politique, Luc a \u00e9t\u00e9 maire de Paquetville de mai 2016 \u00e0 2022 et pr\u00e9sident du Forum des maires de la P\u00e9ninsule acadienne en 2017-2018. Il si\u00e8ge actuellement en tant que conseiller pour la Municipalit\u00e9 des Hautes-Terres. Luc est un sportif passionn\u00e9 et, lorsqu&rsquo;il en a l&rsquo;occasion, il aime pratiquer le v\u00e9lo de montagne, le golf, le hockey sur gazon et la p\u00eache \u00e0 la mouche. Quand le temps le lui permet, il aime \u00e9galement transmettre ses passions aux enfants. Il a \u00e9t\u00e9 entraineur de soccer, de v\u00e9lo de montagne et de hockey sur gazon.<\/p>\n<p>&nbsp;<\/p>\n<p>En s\u2019adressant \u00e0 la foule, Robichaud a d\u00e9clar\u00e9 \u00ab Je suis tr\u00e8s reconnaissant de joindre l&rsquo;\u00e9quipe de Susan. La fiert\u00e9 et le sentiment d&rsquo;appartenance des gens de la r\u00e9gion sont la force de notre communaut\u00e9. Cela me motive et me pousse \u00e0 travailler fort pour les gens de Hautes-Terres-Nepisiguit. \u00bb<\/p>\n<p>&nbsp;<\/p>\n<p>Pour clore l&rsquo;\u00e9v\u00e9nement, Holt a d\u00e9clar\u00e9 : \u00ab Luc sera un ajout merveilleux \u00e0 notre \u00e9quipe. Il est n\u00e9 et a grandi au coeur de la P\u00e9ninsule acadienne et il a un profond engagement envers les gens de cette r\u00e9gion. Nous devons sortir de Fredericton. Fredericton ne sait pas aussi bien que Luc ce dont Hautes-Terres-Nepisiguit a besoin. Je suis tr\u00e8s heureuse que Luc se joigne \u00e0 notre \u00e9quipe, car il faudra une \u00e9quipe de personnes sur le terrain, qui savent ce qu&rsquo;il faut pour que les communaut\u00e9s de toute la province prosp\u00e8rent. \u00bb<\/p>\n","protected":false},"excerpt":{"rendered":"<p>27 mai 2024 (Haute-Terres-Nepisiguit) &#8211; Les lib\u00e9raux se sont rencontr\u00e9s dans la circonscription de Haute-Terres-Nepisiguit aujourd\u2019hui afin de nommer Luc Robichaud comme candidat aux prochaines \u00e9lections provinciales. &nbsp; Au d\u00e9but [&hellip;]<\/p>\n","protected":false},"author":17,"featured_media":12685,"comment_status":"open","ping_status":"open","sticky":false,"template":"","format":"standard","meta":{"_seopress_robots_primary_cat":"","_seopress_titles_title":"","_seopress_titles_desc":"","_seopress_robots_index":"","_price":"","_stock":"","_tribe_ticket_header":"","_tribe_default_ticket_provider":"","_tribe_ticket_capacity":"0","_ticket_start_date":"","_ticket_end_date":"","_tribe_ticket_show_description":"","_tribe_ticket_show_not_going":false,"_tribe_ticket_use_global_stock":"","_tribe_ticket_global_stock_level":"","_global_stock_mode":"","_global_stock_cap":"","_tribe_rsvp_for_event":"","_tribe_ticket_going_count":"","_tribe_ticket_not_going_count":"","_tribe_tickets_list":"[]","_tribe_ticket_has_attendee_info_fields":false,"footnotes":""},"categories":[1],"tags":[],"class_list":["post-12688","post","type-post","status-publish","format-standard","has-post-thumbnail","hentry","category-news"],"meta_box":[],"_links":{"self":[{"href":"https:\/\/nbliberal.ca\/fr\/wp-json\/wp\/v2\/posts\/12688","targetHints":{"allow":["GET"]}}],"collection":[{"href":"https:\/\/nbliberal.ca\/fr\/wp-json\/wp\/v2\/posts"}],"about":[{"href":"https:\/\/nbliberal.ca\/fr\/wp-json\/wp\/v2\/types\/post"}],"author":[{"embeddable":true,"href":"https:\/\/nbliberal.ca\/fr\/wp-json\/wp\/v2\/users\/17"}],"replies":[{"embeddable":true,"href":"https:\/\/nbliberal.ca\/fr\/wp-json\/wp\/v2\/comments?post=12688"}],"version-history":[{"count":1,"href":"https:\/\/nbliberal.ca\/fr\/wp-json\/wp\/v2\/posts\/12688\/revisions"}],"predecessor-version":[{"id":12689,"href":"https:\/\/nbliberal.ca\/fr\/wp-json\/wp\/v2\/posts\/12688\/revisions\/12689"}],"wp:featuredmedia":[{"embeddable":true,"href":"https:\/\/nbliberal.ca\/fr\/wp-json\/wp\/v2\/media\/12685"}],"wp:attachment":[{"href":"https:\/\/nbliberal.ca\/fr\/wp-json\/wp\/v2\/media?parent=12688"}],"wp:term":[{"taxonomy":"category","embeddable":true,"href":"https:\/\/nbliberal.ca\/fr\/wp-json\/wp\/v2\/categories?post=12688"},{"taxonomy":"post_tag","embeddable":true,"href":"https:\/\/nbliberal.ca\/fr\/wp-json\/wp\/v2\/tags?post=12688"}],"curies":[{"name":"wp","href":"https:\/\/api.w.org\/{rel}","templated":true}]}}